{"id":437,"date":"2018-12-27T13:25:27","date_gmt":"2018-12-27T11:25:27","guid":{"rendered":"https:\/\/kielijakulttuurihoitotyossa.fi\/?p=437"},"modified":"2019-09-04T08:04:22","modified_gmt":"2019-09-04T05:04:22","slug":"studieresa-till-gavle-december-2018","status":"publish","type":"post","link":"https:\/\/kielijakulttuurihoitotyossa.fi\/sv\/aktuellt\/studieresa-till-gavle-december-2018\/","title":{"rendered":"Studieresa till G\u00e4vle"},"content":{"rendered":"\n<figure class=\"wp-block-image\"><img loading=\"lazy\" width=\"2200\" height=\"1075\" src=\"https:\/\/kielijakulttuurihoitotyossa.fi\/wp-content\/uploads\/gruppen3-2200x1075.jpg\" alt=\"\" class=\"wp-image-188\" srcset=\"https:\/\/kielijakulttuurihoitotyossa.fi\/wp-content\/uploads\/gruppen3-2200x1075.jpg 2200w, https:\/\/kielijakulttuurihoitotyossa.fi\/wp-content\/uploads\/gruppen3-770x376.jpg 770w, https:\/\/kielijakulttuurihoitotyossa.fi\/wp-content\/uploads\/gruppen3-768x375.jpg 768w\" sizes=\"(max-width: 2200px) 100vw, 2200px\" \/><\/figure>\n\n\n\n<p class=\"lead\"><em>En grupp studerande inom h\u00e4lsov\u00e5rd vid Yrkesh\u00f6gskolan Metropolia gjorde en studieresa till G\u00e4vle i december 2018. De bekantade sig med omv\u00e5rdnad i G\u00e4vle med fokus p\u00e5 krav som minoritetslagstiftningen st\u00e4ller till verksamheten och hur f\u00f6rvaltningen och det praktiska arbetet genomf\u00f6rs i praktiken. <\/em><\/p>\n\n\n\n<figure class=\"wp-block-image\"><img loading=\"lazy\" width=\"955\" height=\"1800\" src=\"https:\/\/kielijakulttuurihoitotyossa.fi\/wp-content\/uploads\/gavle-omvardnad2-955x1800.jpg\" alt=\"\" class=\"wp-image-258\" srcset=\"https:\/\/kielijakulttuurihoitotyossa.fi\/wp-content\/uploads\/gavle-omvardnad2-955x1800.jpg 955w, https:\/\/kielijakulttuurihoitotyossa.fi\/wp-content\/uploads\/gavle-omvardnad2-292x550.jpg 292w, https:\/\/kielijakulttuurihoitotyossa.fi\/wp-content\/uploads\/gavle-omvardnad2-768x1447.jpg 768w\" sizes=\"(max-width: 955px) 100vw, 955px\" \/><\/figure>\n\n\n\n<div class=\"wp-block-file\"><a href=\"https:\/\/kielijakulttuurihoitotyossa.fi\/wp-content\/uploads\/20181213-metropolia-gavle-3.pdf\">20181213-metropolia-g\u00e4vle<\/a><a href=\"https:\/\/kielijakulttuurihoitotyossa.fi\/wp-content\/uploads\/20181213-metropolia-gavle-3.pdf\" class=\"wp-block-file__button\" download>Lataa<\/a><\/div>\n\n\n\n<div class=\"wp-block-file\"><a href=\"https:\/\/kielijakulttuurihoitotyossa.fi\/wp-content\/uploads\/hemvard_gavle-1.pdf\">Hemv\u00e5rd_G\u00e4vle<\/a><a href=\"https:\/\/kielijakulttuurihoitotyossa.fi\/wp-content\/uploads\/hemvard_gavle-1.pdf\" class=\"wp-block-file__button\" download>Lataa<\/a><\/div>\n\n\n\n<p>Studerande bekantade sig med det\ndagliga arbetet och \u00f6vade sina egna spr\u00e5kkunskaper i svenska i autentiska\nmilj\u00f6er; de bes\u00f6kte f\u00f6rskola, serviceboende, fritidscetrum och anh\u00f6rigcentrum.\nI G\u00e4vle h\u00f6gskola fick de m\u00f6jlighet att bekanta sig med utbildning och forskning\ninom branschen.<\/p>\n\n\n\n<div class=\"wp-block-file\"><a href=\"https:\/\/kielijakulttuurihoitotyossa.fi\/wp-content\/uploads\/program-vid-hogskolan-i-gavle-13-december-2018-1.pdf\">Program vid H\u00f6gskolan i G\u00e4vle 13 december 2018<\/a><a href=\"https:\/\/kielijakulttuurihoitotyossa.fi\/wp-content\/uploads\/program-vid-hogskolan-i-gavle-13-december-2018-1.pdf\" class=\"wp-block-file__button\" download>Lataa<\/a><\/div>\n\n\n\n<p>Studerande arrangerade aktivitetstunder\noch kulturprogram p\u00e5 finska och fungerade som&nbsp;\nspr\u00e5kmodell f\u00f6r den finsktalande personalen. F\u00f6r pension\u00e4rsklubben\nerbj\u00f6d de en liten julkonsert, i serviceboendet bakade de finska julbakverk och\nproducerade ett recepth\u00e4fte med traditionella festmatr\u00e4tter. F\u00f6rskolebarn fick\nl\u00e4ra sig om tandhygienin med hj\u00e4lp av tandtroll och drama. F\u00f6r anst\u00e4llda inom\nv\u00e5rd och omsorg arragerade Metropolia studerande ett underh\u00e5llande\nkv\u00e4llsprogram.<\/p>\n\n\n\n<div class=\"wp-block-file\"><a href=\"https:\/\/kielijakulttuurihoitotyossa.fi\/wp-content\/uploads\/perinneruokia-1.pdf\">Perinneruokia<\/a><a href=\"https:\/\/kielijakulttuurihoitotyossa.fi\/wp-content\/uploads\/perinneruokia-1.pdf\" class=\"wp-block-file__button\" download>Lataa<\/a><\/div>\n\n\n\n<div class=\"wp-block-file\"><a href=\"https:\/\/kielijakulttuurihoitotyossa.fi\/wp-content\/uploads\/kielen-ja-kulttuurin-kurssin-tietovisa.pdf\">Kielen ja kulttuurin kurssin tietovisa<\/a><a href=\"https:\/\/kielijakulttuurihoitotyossa.fi\/wp-content\/uploads\/kielen-ja-kulttuurin-kurssin-tietovisa.pdf\" class=\"wp-block-file__button\" download>Lataa<\/a><\/div>\n\n\n\n<p>Bes\u00f6ksm\u00e5l:<br>\nAnh\u00f6rigcenter<br>\nFurug\u00e5rden<br>\nTranmurs f\u00f6rskola<br>\nBomhus Folkets hus<br>\nH\u00f6gskolan i G\u00e4vle&nbsp;<\/p>\n\n\n\n<p>En artikel om bes\u00f6ket:  <br><a href=\"http:\/\/urn.fi\/URN:NBN:fi-fe2019061220254\">http:\/\/urn.fi\/URN:NBN:fi-fe2019061220254 h\ufeff<\/a> <\/p>\n","protected":false},"excerpt":{"rendered":"<p>En grupp studerande inom h\u00e4lsov\u00e5rd vid Yrkesh\u00f6gskolan Metropolia gjorde en studieresa till G\u00e4vle i december 2018. De bekantade sig med omv\u00e5rdnad i G\u00e4vle med fokus p\u00e5 krav som minoritetslagstiftningen st\u00e4ller till verksamheten och hur f\u00f6rvaltningen och det praktiska arbetet genomf\u00f6rs i praktiken. Studerande bekantade sig med det dagliga arbetet och \u00f6vade sina egna spr\u00e5kkunskaper i [&hellip;]<\/p>\n","protected":false},"author":4,"featured_media":348,"comment_status":"closed","ping_status":"open","sticky":false,"template":"","format":"standard","meta":[],"categories":[14],"tags":[],"yoast_head":"<!-- This site is optimized with the Yoast SEO plugin v19.7.2 - https:\/\/yoast.com\/wordpress\/plugins\/seo\/ -->\n<title>Studieresa till G\u00e4vle - Spr\u00e5k och kultur i v\u00e5rd och omsorg<\/title>\n<meta name=\"robots\" content=\"index, follow, max-snippet:-1, max-image-preview:large, max-video-preview:-1\" \/>\n<link rel=\"canonical\" href=\"https:\/\/kielijakulttuurihoitotyossa.fi\/sv\/aktuellt\/studieresa-till-gavle-december-2018\/\" \/>\n<meta property=\"og:locale\" content=\"sv_SE\" \/>\n<meta property=\"og:type\" content=\"article\" \/>\n<meta property=\"og:title\" content=\"Studieresa till G\u00e4vle - Spr\u00e5k och kultur i v\u00e5rd och omsorg\" \/>\n<meta property=\"og:description\" content=\"En grupp studerande inom h\u00e4lsov\u00e5rd vid Yrkesh\u00f6gskolan Metropolia gjorde en studieresa till G\u00e4vle i december 2018. De bekantade sig med omv\u00e5rdnad i G\u00e4vle med fokus p\u00e5 krav som minoritetslagstiftningen st\u00e4ller till verksamheten och hur f\u00f6rvaltningen och det praktiska arbetet genomf\u00f6rs i praktiken. Studerande bekantade sig med det dagliga arbetet och \u00f6vade sina egna spr\u00e5kkunskaper i [&hellip;]\" \/>\n<meta property=\"og:url\" content=\"https:\/\/kielijakulttuurihoitotyossa.fi\/sv\/aktuellt\/studieresa-till-gavle-december-2018\/\" \/>\n<meta property=\"og:site_name\" content=\"Spr\u00e5k och kultur i v\u00e5rd och omsorg\" \/>\n<meta property=\"article:published_time\" content=\"2018-12-27T11:25:27+00:00\" \/>\n<meta property=\"article:modified_time\" content=\"2019-09-04T05:04:22+00:00\" \/>\n<meta property=\"og:image\" content=\"https:\/\/kielijakulttuurihoitotyossa.fi\/wp-content\/uploads\/gavlebocken-1-b-2200x1650.jpg\" \/>\n\t<meta property=\"og:image:width\" content=\"2200\" \/>\n\t<meta property=\"og:image:height\" content=\"1650\" \/>\n\t<meta property=\"og:image:type\" content=\"image\/jpeg\" \/>\n<meta name=\"author\" content=\"Raija Airaksinen\" \/>\n<meta name=\"twitter:card\" content=\"summary_large_image\" \/>\n<meta name=\"twitter:label1\" content=\"Skriven av\" \/>\n\t<meta name=\"twitter:data1\" content=\"Raija Airaksinen\" \/>\n\t<meta name=\"twitter:label2\" content=\"Ber\u00e4knad l\u00e4stid\" \/>\n\t<meta name=\"twitter:data2\" content=\"1 minut\" \/>\n<script type=\"application\/ld+json\" class=\"yoast-schema-graph\">{\"@context\":\"https:\/\/schema.org\",\"@graph\":[{\"@type\":\"WebPage\",\"@id\":\"https:\/\/kielijakulttuurihoitotyossa.fi\/sv\/aktuellt\/studieresa-till-gavle-december-2018\/\",\"url\":\"https:\/\/kielijakulttuurihoitotyossa.fi\/sv\/aktuellt\/studieresa-till-gavle-december-2018\/\",\"name\":\"Studieresa till G\u00e4vle - Spr\u00e5k och kultur i v\u00e5rd och omsorg\",\"isPartOf\":{\"@id\":\"https:\/\/kielijakulttuurihoitotyossa.fi\/#website\"},\"datePublished\":\"2018-12-27T11:25:27+00:00\",\"dateModified\":\"2019-09-04T05:04:22+00:00\",\"author\":{\"@id\":\"https:\/\/kielijakulttuurihoitotyossa.fi\/#\/schema\/person\/98ad7228499c88aa2110e8e73334c3cf\"},\"breadcrumb\":{\"@id\":\"https:\/\/kielijakulttuurihoitotyossa.fi\/sv\/aktuellt\/studieresa-till-gavle-december-2018\/#breadcrumb\"},\"inLanguage\":\"sv-SE\",\"potentialAction\":[{\"@type\":\"ReadAction\",\"target\":[\"https:\/\/kielijakulttuurihoitotyossa.fi\/sv\/aktuellt\/studieresa-till-gavle-december-2018\/\"]}]},{\"@type\":\"BreadcrumbList\",\"@id\":\"https:\/\/kielijakulttuurihoitotyossa.fi\/sv\/aktuellt\/studieresa-till-gavle-december-2018\/#breadcrumb\",\"itemListElement\":[{\"@type\":\"ListItem\",\"position\":1,\"name\":\"Etusivu\",\"item\":\"https:\/\/kielijakulttuurihoitotyossa.fi\/\"},{\"@type\":\"ListItem\",\"position\":2,\"name\":\"Ajankohtaista\",\"item\":\"https:\/\/kielijakulttuurihoitotyossa.fi\/ajankohtaista\/\"},{\"@type\":\"ListItem\",\"position\":3,\"name\":\"Studieresa till G\u00e4vle\"}]},{\"@type\":\"WebSite\",\"@id\":\"https:\/\/kielijakulttuurihoitotyossa.fi\/#website\",\"url\":\"https:\/\/kielijakulttuurihoitotyossa.fi\/\",\"name\":\"Spr\u00e5k och kultur i v\u00e5rd och omsorg\",\"description\":\"Kieli- ja kulttuurikompetenssi sillanrakentajina\",\"potentialAction\":[{\"@type\":\"SearchAction\",\"target\":{\"@type\":\"EntryPoint\",\"urlTemplate\":\"https:\/\/kielijakulttuurihoitotyossa.fi\/?s={search_term_string}\"},\"query-input\":\"required name=search_term_string\"}],\"inLanguage\":\"sv-SE\"},{\"@type\":\"Person\",\"@id\":\"https:\/\/kielijakulttuurihoitotyossa.fi\/#\/schema\/person\/98ad7228499c88aa2110e8e73334c3cf\",\"name\":\"Raija Airaksinen\",\"image\":{\"@type\":\"ImageObject\",\"inLanguage\":\"sv-SE\",\"@id\":\"https:\/\/kielijakulttuurihoitotyossa.fi\/#\/schema\/person\/image\/\",\"url\":\"https:\/\/secure.gravatar.com\/avatar\/81c4537dc92e5409fc127f9e2a53c1fe?s=96&d=mm&r=g\",\"contentUrl\":\"https:\/\/secure.gravatar.com\/avatar\/81c4537dc92e5409fc127f9e2a53c1fe?s=96&d=mm&r=g\",\"caption\":\"Raija Airaksinen\"}}]}<\/script>\n<!-- \/ Yoast SEO plugin. -->","yoast_head_json":{"title":"Studieresa till G\u00e4vle - Spr\u00e5k och kultur i v\u00e5rd och omsorg","robots":{"index":"index","follow":"follow","max-snippet":"max-snippet:-1","max-image-preview":"max-image-preview:large","max-video-preview":"max-video-preview:-1"},"canonical":"https:\/\/kielijakulttuurihoitotyossa.fi\/sv\/aktuellt\/studieresa-till-gavle-december-2018\/","og_locale":"sv_SE","og_type":"article","og_title":"Studieresa till G\u00e4vle - Spr\u00e5k och kultur i v\u00e5rd och omsorg","og_description":"En grupp studerande inom h\u00e4lsov\u00e5rd vid Yrkesh\u00f6gskolan Metropolia gjorde en studieresa till G\u00e4vle i december 2018. De bekantade sig med omv\u00e5rdnad i G\u00e4vle med fokus p\u00e5 krav som minoritetslagstiftningen st\u00e4ller till verksamheten och hur f\u00f6rvaltningen och det praktiska arbetet genomf\u00f6rs i praktiken. Studerande bekantade sig med det dagliga arbetet och \u00f6vade sina egna spr\u00e5kkunskaper i [&hellip;]","og_url":"https:\/\/kielijakulttuurihoitotyossa.fi\/sv\/aktuellt\/studieresa-till-gavle-december-2018\/","og_site_name":"Spr\u00e5k och kultur i v\u00e5rd och omsorg","article_published_time":"2018-12-27T11:25:27+00:00","article_modified_time":"2019-09-04T05:04:22+00:00","og_image":[{"width":2200,"height":1650,"url":"https:\/\/kielijakulttuurihoitotyossa.fi\/wp-content\/uploads\/gavlebocken-1-b-2200x1650.jpg","type":"image\/jpeg"}],"author":"Raija Airaksinen","twitter_card":"summary_large_image","twitter_misc":{"Skriven av":"Raija Airaksinen","Ber\u00e4knad l\u00e4stid":"1 minut"},"schema":{"@context":"https:\/\/schema.org","@graph":[{"@type":"WebPage","@id":"https:\/\/kielijakulttuurihoitotyossa.fi\/sv\/aktuellt\/studieresa-till-gavle-december-2018\/","url":"https:\/\/kielijakulttuurihoitotyossa.fi\/sv\/aktuellt\/studieresa-till-gavle-december-2018\/","name":"Studieresa till G\u00e4vle - Spr\u00e5k och kultur i v\u00e5rd och omsorg","isPartOf":{"@id":"https:\/\/kielijakulttuurihoitotyossa.fi\/#website"},"datePublished":"2018-12-27T11:25:27+00:00","dateModified":"2019-09-04T05:04:22+00:00","author":{"@id":"https:\/\/kielijakulttuurihoitotyossa.fi\/#\/schema\/person\/98ad7228499c88aa2110e8e73334c3cf"},"breadcrumb":{"@id":"https:\/\/kielijakulttuurihoitotyossa.fi\/sv\/aktuellt\/studieresa-till-gavle-december-2018\/#breadcrumb"},"inLanguage":"sv-SE","potentialAction":[{"@type":"ReadAction","target":["https:\/\/kielijakulttuurihoitotyossa.fi\/sv\/aktuellt\/studieresa-till-gavle-december-2018\/"]}]},{"@type":"BreadcrumbList","@id":"https:\/\/kielijakulttuurihoitotyossa.fi\/sv\/aktuellt\/studieresa-till-gavle-december-2018\/#breadcrumb","itemListElement":[{"@type":"ListItem","position":1,"name":"Etusivu","item":"https:\/\/kielijakulttuurihoitotyossa.fi\/"},{"@type":"ListItem","position":2,"name":"Ajankohtaista","item":"https:\/\/kielijakulttuurihoitotyossa.fi\/ajankohtaista\/"},{"@type":"ListItem","position":3,"name":"Studieresa till G\u00e4vle"}]},{"@type":"WebSite","@id":"https:\/\/kielijakulttuurihoitotyossa.fi\/#website","url":"https:\/\/kielijakulttuurihoitotyossa.fi\/","name":"Spr\u00e5k och kultur i v\u00e5rd och omsorg","description":"Kieli- ja kulttuurikompetenssi sillanrakentajina","potentialAction":[{"@type":"SearchAction","target":{"@type":"EntryPoint","urlTemplate":"https:\/\/kielijakulttuurihoitotyossa.fi\/?s={search_term_string}"},"query-input":"required name=search_term_string"}],"inLanguage":"sv-SE"},{"@type":"Person","@id":"https:\/\/kielijakulttuurihoitotyossa.fi\/#\/schema\/person\/98ad7228499c88aa2110e8e73334c3cf","name":"Raija Airaksinen","image":{"@type":"ImageObject","inLanguage":"sv-SE","@id":"https:\/\/kielijakulttuurihoitotyossa.fi\/#\/schema\/person\/image\/","url":"https:\/\/secure.gravatar.com\/avatar\/81c4537dc92e5409fc127f9e2a53c1fe?s=96&d=mm&r=g","contentUrl":"https:\/\/secure.gravatar.com\/avatar\/81c4537dc92e5409fc127f9e2a53c1fe?s=96&d=mm&r=g","caption":"Raija Airaksinen"}}]}},"_links":{"self":[{"href":"https:\/\/kielijakulttuurihoitotyossa.fi\/sv\/wp-json\/wp\/v2\/posts\/437"}],"collection":[{"href":"https:\/\/kielijakulttuurihoitotyossa.fi\/sv\/wp-json\/wp\/v2\/posts"}],"about":[{"href":"https:\/\/kielijakulttuurihoitotyossa.fi\/sv\/wp-json\/wp\/v2\/types\/post"}],"author":[{"embeddable":true,"href":"https:\/\/kielijakulttuurihoitotyossa.fi\/sv\/wp-json\/wp\/v2\/users\/4"}],"replies":[{"embeddable":true,"href":"https:\/\/kielijakulttuurihoitotyossa.fi\/sv\/wp-json\/wp\/v2\/comments?post=437"}],"version-history":[{"count":6,"href":"https:\/\/kielijakulttuurihoitotyossa.fi\/sv\/wp-json\/wp\/v2\/posts\/437\/revisions"}],"predecessor-version":[{"id":514,"href":"https:\/\/kielijakulttuurihoitotyossa.fi\/sv\/wp-json\/wp\/v2\/posts\/437\/revisions\/514"}],"wp:featuredmedia":[{"embeddable":true,"href":"https:\/\/kielijakulttuurihoitotyossa.fi\/sv\/wp-json\/wp\/v2\/media\/348"}],"wp:attachment":[{"href":"https:\/\/kielijakulttuurihoitotyossa.fi\/sv\/wp-json\/wp\/v2\/media?parent=437"}],"wp:term":[{"taxonomy":"category","embeddable":true,"href":"https:\/\/kielijakulttuurihoitotyossa.fi\/sv\/wp-json\/wp\/v2\/categories?post=437"},{"taxonomy":"post_tag","embeddable":true,"href":"https:\/\/kielijakulttuurihoitotyossa.fi\/sv\/wp-json\/wp\/v2\/tags?post=437"}],"curies":[{"name":"wp","href":"https:\/\/api.w.org\/{rel}","templated":true}]}}